{"id":1633,"date":"2016-10-07T11:01:52","date_gmt":"2016-10-07T09:01:52","guid":{"rendered":"https:\/\/www.bscf-chiemsee.de\/wordpress\/?p=1633"},"modified":"2022-05-30T17:23:51","modified_gmt":"2022-05-30T15:23:51","slug":"segler-der-bernauer-opti-b-trotzten-dem-wetter","status":"publish","type":"post","link":"https:\/\/www.bscf-chiemsee.de\/wordpress\/?p=1633","title":{"rendered":"Segler der Bernauer OPTI-B trotzten dem Wetter"},"content":{"rendered":"<p>Der Bernauer Segel-Club Felden (BSCF) musste dieses Jahr unter schwierigen Bedingungen seine traditionelle Bernauer OPTI-B-Regatta ausrichten. 23 Segler des Jugendboots Optimist k\u00e4mpften in 4 Wettfahrten um den Sieg.<\/p>\n<p><a href=\"https:\/\/www.bscf-chiemsee.de\/wordpress\/wp-content\/uploads\/2016\/10\/Foto-Opti-B.jpg\"><img loading=\"lazy\" decoding=\"async\" class=\"alignnone size-medium wp-image-1637\" src=\"https:\/\/www.bscf-chiemsee.de\/wordpress\/wp-content\/uploads\/2016\/10\/Foto-Opti-B-300x200.jpg\" alt=\"foto-opti-b\" width=\"300\" height=\"200\" srcset=\"https:\/\/www.bscf-chiemsee.de\/wordpress\/wp-content\/uploads\/2016\/10\/Foto-Opti-B-300x200.jpg 300w, https:\/\/www.bscf-chiemsee.de\/wordpress\/wp-content\/uploads\/2016\/10\/Foto-Opti-B-600x400.jpg 600w, https:\/\/www.bscf-chiemsee.de\/wordpress\/wp-content\/uploads\/2016\/10\/Foto-Opti-B-768x512.jpg 768w, https:\/\/www.bscf-chiemsee.de\/wordpress\/wp-content\/uploads\/2016\/10\/Foto-Opti-B-1024x683.jpg 1024w, https:\/\/www.bscf-chiemsee.de\/wordpress\/wp-content\/uploads\/2016\/10\/Foto-Opti-B-150x100.jpg 150w, https:\/\/www.bscf-chiemsee.de\/wordpress\/wp-content\/uploads\/2016\/10\/Foto-Opti-B-272x182.jpg 272w, https:\/\/www.bscf-chiemsee.de\/wordpress\/wp-content\/uploads\/2016\/10\/Foto-Opti-B.jpg 1299w\" sizes=\"auto, (max-width: 300px) 100vw, 300px\" \/><\/a><br \/>\nTrotz widriger Wetterbedingungen konnte die Veranstaltung, ausgeschrieben f\u00fcr zwei Tage, in einem Tag durchgef\u00fchrt werden. Die ersten beiden Wettfahren hatten es in sich: kr\u00e4ftiger Wind mit vielen B\u00f6en bis zu 5 Beaufort und immer st\u00e4rker werdender Regen verlangten den jungen Seglern alles ab. Als dann noch eine Gewitterfront nahte, entschied sich der erfahrene Wettfahrtleiter und Sportwart Stefan Roth, die Segler in eine Mittagspause zu entlassen. Frisch gest\u00e4rkt und aufgew\u00e4rmt gingen sie danach wieder neu motiviert auf das Wasser. Der Regen durchn\u00e4sste die Opti-Segler zwar weiterhin, daf\u00fcr war der Wind nun gn\u00e4diger. Mit 2-3 Beaufort absolvierten die Nachwuchssegler die letzten zwei Wettfahrten. Alle waren stark konzentriert bei der Sache. F\u00fcr ihre wirklich tapfere Leistung, bei diesen Wind- und Wetterverh\u00e4ltnissen nicht das Handtuch geworfen zu haben, wurden alle Teilnehmer bei der Siegerehrung mit einem BSCF-Handtuch belohnt \u2013 und nat\u00fcrlich Pokale f\u00fcr die ersten sechs Sieger.<br \/>\nRegatta-Ergebnis:<br \/>\n1. Moritz Gladigau, SCPC,<br \/>\n2. Julius Mahlstedt, SCBC,<br \/>\n3. Vanessa Renner, SCBC,<br \/>\n4. Maximilian Reger, SCBC,<br \/>\n5. Leon K\u00f6hler, SVBS,<br \/>\n6. Valentin Bodler, SCPC<\/p>\n<p>&nbsp;<\/p>\n","protected":false},"excerpt":{"rendered":"<p>Der Bernauer Segel-Club Felden (BSCF) musste dieses Jahr unter schwierigen Bedingungen seine traditionelle Bernauer OPTI-B-Regatta ausrichten. 23 Segler des Jugendboots Optimist k\u00e4mpften in 4 Wettfahrten um den Sieg. Trotz widriger Wetterbedingungen konnte die Veranstaltung, ausgeschrieben f\u00fcr zwei Tage, in einem Tag durchgef\u00fchrt werden. Die ersten beiden Wettfahren hatten es in sich: kr\u00e4ftiger Wind mit vielen [&hellip;]<\/p>\n","protected":false},"author":1,"featured_media":0,"comment_status":"open","ping_status":"closed","sticky":false,"template":"","format":"standard","meta":{"footnotes":""},"categories":[28,4],"tags":[58],"class_list":["post-1633","post","type-post","status-publish","format-standard","hentry","category-jugend","category-regatta","tag-c2016"],"_links":{"self":[{"href":"https:\/\/www.bscf-chiemsee.de\/wordpress\/index.php?rest_route=\/wp\/v2\/posts\/1633","targetHints":{"allow":["GET"]}}],"collection":[{"href":"https:\/\/www.bscf-chiemsee.de\/wordpress\/index.php?rest_route=\/wp\/v2\/posts"}],"about":[{"href":"https:\/\/www.bscf-chiemsee.de\/wordpress\/index.php?rest_route=\/wp\/v2\/types\/post"}],"author":[{"embeddable":true,"href":"https:\/\/www.bscf-chiemsee.de\/wordpress\/index.php?rest_route=\/wp\/v2\/users\/1"}],"replies":[{"embeddable":true,"href":"https:\/\/www.bscf-chiemsee.de\/wordpress\/index.php?rest_route=%2Fwp%2Fv2%2Fcomments&post=1633"}],"version-history":[{"count":3,"href":"https:\/\/www.bscf-chiemsee.de\/wordpress\/index.php?rest_route=\/wp\/v2\/posts\/1633\/revisions"}],"predecessor-version":[{"id":1649,"href":"https:\/\/www.bscf-chiemsee.de\/wordpress\/index.php?rest_route=\/wp\/v2\/posts\/1633\/revisions\/1649"}],"wp:attachment":[{"href":"https:\/\/www.bscf-chiemsee.de\/wordpress\/index.php?rest_route=%2Fwp%2Fv2%2Fmedia&parent=1633"}],"wp:term":[{"taxonomy":"category","embeddable":true,"href":"https:\/\/www.bscf-chiemsee.de\/wordpress\/index.php?rest_route=%2Fwp%2Fv2%2Fcategories&post=1633"},{"taxonomy":"post_tag","embeddable":true,"href":"https:\/\/www.bscf-chiemsee.de\/wordpress\/index.php?rest_route=%2Fwp%2Fv2%2Ftags&post=1633"}],"curies":[{"name":"wp","href":"https:\/\/api.w.org\/{rel}","templated":true}]}}