{"id":1810,"date":"2017-06-26T22:11:03","date_gmt":"2017-06-26T20:11:03","guid":{"rendered":"https:\/\/www.bscf-chiemsee.de\/wordpress\/?p=1810"},"modified":"2022-07-07T13:54:08","modified_gmt":"2022-07-07T11:54:08","slug":"opti-laserliga-2017-am-simssee-2-tag","status":"publish","type":"post","link":"https:\/\/www.bscf-chiemsee.de\/wordpress\/?p=1810","title":{"rendered":"Opti-\/Laserliga 2017 am Simssee \u2013 2. Tag"},"content":{"rendered":"<p>Am Samstag, 24.06.17 nach dem Optitraining haben wir unsere Boote f\u00fcr die Liga am n\u00e4chsten Tag fertig gemacht. Diesmal ging es nach Baierbach zum Segel- und Ruderclub Simssee.<\/p>\n<p>Am Sonntag, 25.06. sind wir dann mit 3 H\u00e4ngern gestartet \u2013 ein H\u00e4nger f\u00fcr das Motorboot und die beiden anderen f\u00fcr die Optis und einen Laser.<\/p>\n<p>Als wir Sonntag fr\u00fch losfuhren, begann es bereits zu regnen und endete erst p\u00fcnktlich zur Heimreise (Juchhu)!<\/p>\n<p>Zu Beginn begr\u00fc\u00dfte uns Wolfgang Niessen und erkl\u00e4rte uns genau, wie wir diesmal segeln mussten und an welche Regeln wir uns zu halten hatten!<\/p>\n<p>Trotz Regen und wenig Wind segelten wir drei Wettfahrten. Uns allen war sehr kalt. Um die H\u00e4nde zu w\u00e4rmen, steckten wir sie immer wieder ins warme Wasser.<\/p>\n<p>Am Ende der Wettfahrten war es beim Reinfahren ganz sch\u00f6n chaotisch, denn an dem engen Slipsteg konnte immer nur einer sein Boot an Land bringen. Wir haben es nat\u00fcrlich trotzdem geschafft, heil an Land zu kommen.<\/p>\n<p>Nach dem Aufr\u00e4umen haben wir uns noch mit einer Currywurst in der Semmel gest\u00e4rkt. Dann fuhren wir zur\u00fcck zum BSCF, wo wir unsere Boote wieder verstauten.<\/p>\n<p>Trotz Regen hat es uns viel Spa\u00df gemacht und wir waren alle mit unseren Pl\u00e4tzen sehr zufrieden (optiliga.de)!<\/p>\n<p>Ich freue mich schon auf n\u00e4chsten Sonntag, wo es am CYC in Prien weitergeht.<\/p>\n<p>Eure Maria Inninger<\/p>\n<p><span style=\"color: #000000;font-family: Times New Roman;font-size: medium\">&nbsp;<\/span><\/p>\n","protected":false},"excerpt":{"rendered":"<p>Am Samstag, 24.06.17 nach dem Optitraining haben wir unsere Boote f\u00fcr die Liga am n\u00e4chsten Tag fertig gemacht. Diesmal ging es nach Baierbach zum Segel- und Ruderclub Simssee. Am Sonntag, 25.06. sind wir dann mit 3 H\u00e4ngern gestartet \u2013 ein H\u00e4nger f\u00fcr das Motorboot und die beiden anderen f\u00fcr die Optis und einen Laser. Als [&hellip;]<\/p>\n","protected":false},"author":132,"featured_media":0,"comment_status":"open","ping_status":"closed","sticky":false,"template":"","format":"standard","meta":{"footnotes":""},"categories":[34,28],"tags":[65],"class_list":["post-1810","post","type-post","status-publish","format-standard","hentry","category-aktuelles","category-jugend","tag-c2017"],"_links":{"self":[{"href":"https:\/\/www.bscf-chiemsee.de\/wordpress\/index.php?rest_route=\/wp\/v2\/posts\/1810","targetHints":{"allow":["GET"]}}],"collection":[{"href":"https:\/\/www.bscf-chiemsee.de\/wordpress\/index.php?rest_route=\/wp\/v2\/posts"}],"about":[{"href":"https:\/\/www.bscf-chiemsee.de\/wordpress\/index.php?rest_route=\/wp\/v2\/types\/post"}],"author":[{"embeddable":true,"href":"https:\/\/www.bscf-chiemsee.de\/wordpress\/index.php?rest_route=\/wp\/v2\/users\/132"}],"replies":[{"embeddable":true,"href":"https:\/\/www.bscf-chiemsee.de\/wordpress\/index.php?rest_route=%2Fwp%2Fv2%2Fcomments&post=1810"}],"version-history":[{"count":3,"href":"https:\/\/www.bscf-chiemsee.de\/wordpress\/index.php?rest_route=\/wp\/v2\/posts\/1810\/revisions"}],"predecessor-version":[{"id":3809,"href":"https:\/\/www.bscf-chiemsee.de\/wordpress\/index.php?rest_route=\/wp\/v2\/posts\/1810\/revisions\/3809"}],"wp:attachment":[{"href":"https:\/\/www.bscf-chiemsee.de\/wordpress\/index.php?rest_route=%2Fwp%2Fv2%2Fmedia&parent=1810"}],"wp:term":[{"taxonomy":"category","embeddable":true,"href":"https:\/\/www.bscf-chiemsee.de\/wordpress\/index.php?rest_route=%2Fwp%2Fv2%2Fcategories&post=1810"},{"taxonomy":"post_tag","embeddable":true,"href":"https:\/\/www.bscf-chiemsee.de\/wordpress\/index.php?rest_route=%2Fwp%2Fv2%2Ftags&post=1810"}],"curies":[{"name":"wp","href":"https:\/\/api.w.org\/{rel}","templated":true}]}}