{"id":323,"date":"2014-05-19T21:37:05","date_gmt":"2014-05-19T19:37:05","guid":{"rendered":"https:\/\/www.bscf-chiemsee.de\/wordpress\/?p=323"},"modified":"2016-02-25T11:31:31","modified_gmt":"2016-02-25T10:31:31","slug":"ostertraining-und-lake-garda-meeting-ostern-2014","status":"publish","type":"post","link":"https:\/\/www.bscf-chiemsee.de\/wordpress\/?p=323","title":{"rendered":"Ostertraining und Lake Garda Meeting Ostern 2014"},"content":{"rendered":"<p><a href=\"https:\/\/www.bscf-chiemsee.de\/wordpress\/wp-content\/uploads\/2014\/05\/IMG_1302.jpg\"><img loading=\"lazy\" decoding=\"async\" class=\"alignnone size-full wp-image-324\" src=\"https:\/\/www.bscf-chiemsee.de\/wordpress\/wp-content\/uploads\/2014\/05\/IMG_1302.jpg\" alt=\"IMG_1302\" width=\"1947\" height=\"1298\" srcset=\"https:\/\/www.bscf-chiemsee.de\/wordpress\/wp-content\/uploads\/2014\/05\/IMG_1302.jpg 1947w, https:\/\/www.bscf-chiemsee.de\/wordpress\/wp-content\/uploads\/2014\/05\/IMG_1302-600x400.jpg 600w, https:\/\/www.bscf-chiemsee.de\/wordpress\/wp-content\/uploads\/2014\/05\/IMG_1302-300x200.jpg 300w, https:\/\/www.bscf-chiemsee.de\/wordpress\/wp-content\/uploads\/2014\/05\/IMG_1302-1024x682.jpg 1024w\" sizes=\"auto, (max-width: 1947px) 100vw, 1947px\" \/><\/a><a href=\"https:\/\/www.bscf-chiemsee.de\/wordpress\/wp-content\/uploads\/2014\/05\/IMG_1651.jpg\"><img loading=\"lazy\" decoding=\"async\" class=\"alignnone size-full wp-image-325\" src=\"https:\/\/www.bscf-chiemsee.de\/wordpress\/wp-content\/uploads\/2014\/05\/IMG_1651.jpg\" alt=\"IMG_1651\" width=\"3072\" height=\"2048\" \/><\/a>Gleich am ersten Tag der Osterferien fuhren wir mit Anh\u00e4nger und insgesamt 5 Optis nach Torbole zum Training des YCSS. Mit dabei waren Maya Inninger, die 3 Wackerles und Seppi Artmeier, alle jeweils mit der ganzen Familie. Wir hatten vom ersten Tag an die meiste Zeit einen 4-5er Wind und herrlichstes Wetter, so dass wir fast immer super trainieren konnten und nat\u00fcrlich jede Menge Spa\u00df hatten.<\/p>\n<p>Seppi entschloss sich ganz spontan, sich genau wie ich bei der Riva-Regatta mit anzumelden, so dass zwei Optis vom BSCF bei diesem Riesen-Event dabei waren. Am Donnerstag, 17.4.,\u00a0 ging es los. Wir schafften an diesem Tag drei Wettfahrten in \u00a0kurzer Zeit, da wieder einmal sehr \u00a0viel Wind war. F\u00fcr jede Wettfahrt waren 5 Startlinien f\u00fcr jeweils 125 Boote notwendig, da in unserer Klasse mehr als 600 Optis gemeldet waren. Die sogenannten Cadettis, das sind die Jahrg\u00e4nge ab 2003, die \u201eKleinen\u201c, hatten extra Startlinien f\u00fcr insgesamt etwa 200 Boote. Trotz der vielen Starts und Begleitboote\u00a0 \u00a0klappte die Organisation auf dem Wasser sehr gut. Das Halten des Kurses war nicht immer leicht, da es h\u00e4ufig hohe Wellen gab. Wegen der \u00fcber 40 gestarteten Nationen gab es ein multi-language- \u201eRAUM\u201c-Geschrei (ich wusste nicht immer, ob die Worte \u201eKringel\u201c oder \u201eRaum\u201c hie\u00dfen oder gar Schimpfworte waren). Der Sponsor Ferrero spendete unz\u00e4hlige Nutella-Brote und andere Schokoladenprodukte (um die 100000\u2026.), die nach den kraftzehrenden Wettfahrten auch n\u00f6tig waren.<\/p>\n<p>An den n\u00e4chsten beiden Tagen war das Wetter nicht ganz so stabil, so dass wir zum Teil l\u00e4nger auf die Wettfahrten warten mussten und sogar zweimal abbrechen. Dennoch schafften wir insgesamt 8 sch\u00f6ne Wettfahrten, die Silber- und Goldfleet auch 9. Seppi und ich erzielten Pl\u00e4tze im hinteren Drittel, hatten dabei jede Menge Spa\u00df und sind sehr froh, dass wir an diesem tollen Ereignis teilnehmen durften.<\/p>\n","protected":false},"excerpt":{"rendered":"<p>Gleich am ersten Tag der Osterferien fuhren wir mit Anh\u00e4nger und insgesamt 5 Optis nach Torbole zum Training des YCSS. Mit dabei waren Maya Inninger, die 3 Wackerles und Seppi Artmeier, alle jeweils mit der ganzen Familie. Wir hatten vom ersten Tag an die meiste Zeit einen 4-5er Wind und herrlichstes Wetter, so dass wir [&hellip;]<\/p>\n","protected":false},"author":13,"featured_media":0,"comment_status":"open","ping_status":"closed","sticky":false,"template":"","format":"standard","meta":{"footnotes":""},"categories":[28,4],"tags":[9,17,16,18],"class_list":["post-323","post","type-post","status-publish","format-standard","hentry","category-jugend","category-regatta","tag-gardasee","tag-lake-garda-meeting","tag-opti","tag-ostern-2014"],"_links":{"self":[{"href":"https:\/\/www.bscf-chiemsee.de\/wordpress\/index.php?rest_route=\/wp\/v2\/posts\/323","targetHints":{"allow":["GET"]}}],"collection":[{"href":"https:\/\/www.bscf-chiemsee.de\/wordpress\/index.php?rest_route=\/wp\/v2\/posts"}],"about":[{"href":"https:\/\/www.bscf-chiemsee.de\/wordpress\/index.php?rest_route=\/wp\/v2\/types\/post"}],"author":[{"embeddable":true,"href":"https:\/\/www.bscf-chiemsee.de\/wordpress\/index.php?rest_route=\/wp\/v2\/users\/13"}],"replies":[{"embeddable":true,"href":"https:\/\/www.bscf-chiemsee.de\/wordpress\/index.php?rest_route=%2Fwp%2Fv2%2Fcomments&post=323"}],"version-history":[{"count":1,"href":"https:\/\/www.bscf-chiemsee.de\/wordpress\/index.php?rest_route=\/wp\/v2\/posts\/323\/revisions"}],"predecessor-version":[{"id":326,"href":"https:\/\/www.bscf-chiemsee.de\/wordpress\/index.php?rest_route=\/wp\/v2\/posts\/323\/revisions\/326"}],"wp:attachment":[{"href":"https:\/\/www.bscf-chiemsee.de\/wordpress\/index.php?rest_route=%2Fwp%2Fv2%2Fmedia&parent=323"}],"wp:term":[{"taxonomy":"category","embeddable":true,"href":"https:\/\/www.bscf-chiemsee.de\/wordpress\/index.php?rest_route=%2Fwp%2Fv2%2Fcategories&post=323"},{"taxonomy":"post_tag","embeddable":true,"href":"https:\/\/www.bscf-chiemsee.de\/wordpress\/index.php?rest_route=%2Fwp%2Fv2%2Ftags&post=323"}],"curies":[{"name":"wp","href":"https:\/\/api.w.org\/{rel}","templated":true}]}}