{"id":328,"date":"2014-06-17T22:38:58","date_gmt":"2014-06-17T20:38:58","guid":{"rendered":"https:\/\/www.bscf-chiemsee.de\/wordpress\/?p=328"},"modified":"2016-02-25T11:31:31","modified_gmt":"2016-02-25T10:31:31","slug":"deutsche-meisterschaft-der-29er","status":"publish","type":"post","link":"https:\/\/www.bscf-chiemsee.de\/wordpress\/?p=328","title":{"rendered":"Deutsche Meisterschaft  der 29er"},"content":{"rendered":"<p><a href=\"https:\/\/www.bscf-chiemsee.de\/wordpress\/wp-content\/uploads\/2014\/06\/Siegerehrung.jpg\"><img loading=\"lazy\" decoding=\"async\" class=\"alignnone size-full wp-image-332\" src=\"https:\/\/www.bscf-chiemsee.de\/wordpress\/wp-content\/uploads\/2014\/06\/Siegerehrung.jpg\" alt=\"Siegerehrung\" width=\"803\" height=\"530\" srcset=\"https:\/\/www.bscf-chiemsee.de\/wordpress\/wp-content\/uploads\/2014\/06\/Siegerehrung.jpg 803w, https:\/\/www.bscf-chiemsee.de\/wordpress\/wp-content\/uploads\/2014\/06\/Siegerehrung-600x396.jpg 600w, https:\/\/www.bscf-chiemsee.de\/wordpress\/wp-content\/uploads\/2014\/06\/Siegerehrung-300x198.jpg 300w\" sizes=\"auto, (max-width: 803px) 100vw, 803px\" \/><\/a><a href=\"https:\/\/www.bscf-chiemsee.de\/wordpress\/wp-content\/uploads\/2014\/06\/Andy.jpg\"><img loading=\"lazy\" decoding=\"async\" class=\"alignnone size-full wp-image-330\" src=\"https:\/\/www.bscf-chiemsee.de\/wordpress\/wp-content\/uploads\/2014\/06\/Andy.jpg\" alt=\"Andy\" width=\"801\" height=\"531\" srcset=\"https:\/\/www.bscf-chiemsee.de\/wordpress\/wp-content\/uploads\/2014\/06\/Andy.jpg 801w, https:\/\/www.bscf-chiemsee.de\/wordpress\/wp-content\/uploads\/2014\/06\/Andy-600x398.jpg 600w, https:\/\/www.bscf-chiemsee.de\/wordpress\/wp-content\/uploads\/2014\/06\/Andy-300x198.jpg 300w\" sizes=\"auto, (max-width: 801px) 100vw, 801px\" \/><\/a> <a href=\"https:\/\/www.bscf-chiemsee.de\/wordpress\/wp-content\/uploads\/2014\/06\/Start.jpg\"><img loading=\"lazy\" decoding=\"async\" class=\"alignnone size-full wp-image-333\" src=\"https:\/\/www.bscf-chiemsee.de\/wordpress\/wp-content\/uploads\/2014\/06\/Start.jpg\" alt=\"Start\" width=\"800\" height=\"531\" srcset=\"https:\/\/www.bscf-chiemsee.de\/wordpress\/wp-content\/uploads\/2014\/06\/Start.jpg 800w, https:\/\/www.bscf-chiemsee.de\/wordpress\/wp-content\/uploads\/2014\/06\/Start-600x398.jpg 600w, https:\/\/www.bscf-chiemsee.de\/wordpress\/wp-content\/uploads\/2014\/06\/Start-300x199.jpg 300w\" sizes=\"auto, (max-width: 800px) 100vw, 800px\" \/><\/a> <a href=\"https:\/\/www.bscf-chiemsee.de\/wordpress\/wp-content\/uploads\/2014\/06\/Mickey.jpg\"><img loading=\"lazy\" decoding=\"async\" class=\"alignnone size-full wp-image-331\" src=\"https:\/\/www.bscf-chiemsee.de\/wordpress\/wp-content\/uploads\/2014\/06\/Mickey.jpg\" alt=\"Mickey\" width=\"799\" height=\"532\" srcset=\"https:\/\/www.bscf-chiemsee.de\/wordpress\/wp-content\/uploads\/2014\/06\/Mickey.jpg 799w, https:\/\/www.bscf-chiemsee.de\/wordpress\/wp-content\/uploads\/2014\/06\/Mickey-600x399.jpg 600w, https:\/\/www.bscf-chiemsee.de\/wordpress\/wp-content\/uploads\/2014\/06\/Mickey-300x199.jpg 300w\" sizes=\"auto, (max-width: 799px) 100vw, 799px\" \/><\/a>(10.-15.6.2014)<\/p>\n<p>Deutsche Meisterschaft in Eckernf\u00f6rde, weit weg von Daheim. Diesmal sind wir direkt vom Alpsee in den Norden gesaust. Dort angekommen erstmal schlafen-2 Stunden. Dann ab auf die Beine und Raus aus dem Wohnmobil. Das Boot ist jetzt prio eins. Tag eins zum Gl\u00fcck nur eine Einheit, mehr w\u00e4r da nicht drin gewesen. Nat\u00fcrlich ist das Training auf Englisch, sonst w\u00e4rs es ja glatt zu einfach. Zus\u00e4tzlich hatten wir noch leichtwind-bedingungen, zum Gl\u00fcck. Fr\u00fch am Abend, also sobald es halbwegs dunkel war (um 23:00 Uhr), ab in die Koje. Der Tag drauf verlief \u00e4hnlich. Mit etwas mehr Wind und zwei Einheiten musste auch dieser Tag enden. Zwei Tage sp\u00e4ter ging es dann um die Wurst. Nicht anders als erwartet kam p\u00fcnktlich zum Wettkampfbeginn ordentlich Wind auf. Mit knapp \u00fcber 20 kn starteten wir das erste Rennen, und beendeten es nach B\u00f6en mit \u00fcber 30 kn Wind und einem 10. Platz. Nach einer durch zu viel Wind bedingten Rast ging es erst mal weiter mit einem Fr\u00fchstart. Zwei weitere Rennen sp\u00e4ter, im Hafen, standen wir auf dem 24. Platz. Die Entt\u00e4uschung war gro\u00df, jedoch wussten wir, dass wenn der BFD gestrichen wird, wir ca. auf platz 12 stehen. Am N\u00e4chsten tag, nach etwas leichteren Winden mit viel Welle ist genau dies Geschehen. Tag drei von drei, Leichtwind. Unsere letzte Chance. Die letzten 5 rennen. Noch ein Drittel vor uns. Erste Wettfahrt mit Top Motivation. Guter Start. \u00a0\u00a0\u00a0\u00a0\u00a0\u00a0 Erster an der Luvtonne. Erster im Ziel. Nach einer Topwettfahrt ist die folgende oft schlecht. Doch auch diesmal konnten wir unseren Strategieplan gut umsetzten. Ein zweiter platz, um 30 cm kein erster, leider. So ging dieser Tag. Nach zwei ersten einem Zweitem und noch zwei andere Top 5 Pl\u00e4tze standen wir zum Schluss, v\u00f6llig unerwartet auf Platz 3 in der Gesamtwertung. Andy, mein Bruderhertz, hatte auch einen Platzt in den Top 15. F\u00fcr uns, den BSCF ein gro\u00dfer Erfolg. Die Freude war gro\u00df, doch wir mussten weiter. Zur Optiwoche am n\u00e4chsten Morgen. \u00dcber die Nacht nach Hause gefahren und sobald ich zurr\u00fcck war habe ich, leicht M\u00fcde, das was ich wei\u00df versucht weiter zu lehren. Zu verdanken haben wir diesen Erfolg auf jeden fall neben unseren Eltern auch dem Verein, der uns immer zur Seite steht, immer wieder Motieviert und mit der gem\u00fctlichkeit, die man am Abend auf dem Sonnenbalkerl hat einen Grund gibt bis in Ewigkeit damit weiter zu machen.<\/p>\n<p>&nbsp;<\/p>\n<p>Vielen Dank f\u00fcr eure Unterst\u00fctzung,<\/p>\n<p>Euer Mickey<\/p>\n","protected":false},"excerpt":{"rendered":"<p>(10.-15.6.2014) Deutsche Meisterschaft in Eckernf\u00f6rde, weit weg von Daheim. Diesmal sind wir direkt vom Alpsee in den Norden gesaust. Dort angekommen erstmal schlafen-2 Stunden. Dann ab auf die Beine und Raus aus dem Wohnmobil. Das Boot ist jetzt prio eins. Tag eins zum Gl\u00fcck nur eine Einheit, mehr w\u00e4r da nicht drin gewesen. Nat\u00fcrlich ist [&hellip;]<\/p>\n","protected":false},"author":13,"featured_media":332,"comment_status":"open","ping_status":"closed","sticky":false,"template":"","format":"standard","meta":{"footnotes":""},"categories":[28,4],"tags":[12,14,19,11],"class_list":["post-328","post","type-post","status-publish","format-standard","has-post-thumbnail","hentry","category-jugend","category-regatta","tag-29er","tag-29er-sailing","tag-deutsche-meisterschaft","tag-mickey"],"_links":{"self":[{"href":"https:\/\/www.bscf-chiemsee.de\/wordpress\/index.php?rest_route=\/wp\/v2\/posts\/328","targetHints":{"allow":["GET"]}}],"collection":[{"href":"https:\/\/www.bscf-chiemsee.de\/wordpress\/index.php?rest_route=\/wp\/v2\/posts"}],"about":[{"href":"https:\/\/www.bscf-chiemsee.de\/wordpress\/index.php?rest_route=\/wp\/v2\/types\/post"}],"author":[{"embeddable":true,"href":"https:\/\/www.bscf-chiemsee.de\/wordpress\/index.php?rest_route=\/wp\/v2\/users\/13"}],"replies":[{"embeddable":true,"href":"https:\/\/www.bscf-chiemsee.de\/wordpress\/index.php?rest_route=%2Fwp%2Fv2%2Fcomments&post=328"}],"version-history":[{"count":4,"href":"https:\/\/www.bscf-chiemsee.de\/wordpress\/index.php?rest_route=\/wp\/v2\/posts\/328\/revisions"}],"predecessor-version":[{"id":336,"href":"https:\/\/www.bscf-chiemsee.de\/wordpress\/index.php?rest_route=\/wp\/v2\/posts\/328\/revisions\/336"}],"wp:featuredmedia":[{"embeddable":true,"href":"https:\/\/www.bscf-chiemsee.de\/wordpress\/index.php?rest_route=\/wp\/v2\/media\/332"}],"wp:attachment":[{"href":"https:\/\/www.bscf-chiemsee.de\/wordpress\/index.php?rest_route=%2Fwp%2Fv2%2Fmedia&parent=328"}],"wp:term":[{"taxonomy":"category","embeddable":true,"href":"https:\/\/www.bscf-chiemsee.de\/wordpress\/index.php?rest_route=%2Fwp%2Fv2%2Fcategories&post=328"},{"taxonomy":"post_tag","embeddable":true,"href":"https:\/\/www.bscf-chiemsee.de\/wordpress\/index.php?rest_route=%2Fwp%2Fv2%2Ftags&post=328"}],"curies":[{"name":"wp","href":"https:\/\/api.w.org\/{rel}","templated":true}]}}